{"id":2871,"date":"2024-10-25T06:51:03","date_gmt":"2024-10-25T04:51:03","guid":{"rendered":"http:\/\/www.brzezialaka.archidiecezja.wroc.pl\/parafia\/?p=2871"},"modified":"2024-10-25T06:51:05","modified_gmt":"2024-10-25T04:51:05","slug":"xxx-niedziela-zwykla-27-pazdziernika-2024-r-rocznica-poswiecenia-kosciola-wlasnego","status":"publish","type":"post","link":"http:\/\/www.brzezialaka.archidiecezja.wroc.pl\/parafia\/?p=2871","title":{"rendered":"XXX NIEDZIELA ZWYK\u0141A 27 pa\u017adziernika 2024 r. &#8211; Rocznica po\u015bwi\u0119cenia ko\u015bcio\u0142a w\u0142asnego"},"content":{"rendered":"<p><em>Jezus mu rzek\u0142: \u00abId\u017a, twoja wiara ci\u0119 uzdrowi\u0142a\u00bb<\/em><!--more--><\/p>\n<ol>\n<li><strong>Dzisiejsza niedziela<\/strong>:\n<ul>\n<li>To uroczysto\u015b\u0107 rocznicy po\u015bwi\u0119cenia ko\u015bcio\u0142a.<\/li>\n<li>nabo\u017ce\u0144stwo r\u00f3\u017ca\u0144cowe o godz. 17.15.<\/li>\n<\/ul>\n<\/li>\n<li><strong>W tygodniu<\/strong>:\n<ul>\n<li><strong>Czwartek<\/strong> &#8211; ostatni r\u00f3\u017caniec o godz. 17.30. Po Mszy \u015bw. adoracja Naj\u015bwi\u0119tszego Sakramentu do godz. 20.00 w tym czasie okazja do spowiedzi \u015bw. przed Uroczysto\u015bci\u0105 Wszystkich \u015awi\u0119tych<\/li>\n<li><strong>Pi\u0105tek<\/strong> \u2013 1 listopada; Uroczysto\u015b\u0107 Wszystkich \u015awi\u0119tych. Msze \u015awi\u0119te w tym dniu:\n<ul>\n<li>Brzezia \u0141\u0105ka 7.30 i 10.15<\/li>\n<li>\u015aliwice 7.30<\/li>\n<li>K\u0105tna 9.00<\/li>\n<li>Rak\u00f3w 9.00<\/li>\n<li><strong>Msza \u015bw. na cmentarzu parafialnym o godz. 12.00<\/strong>, po kt\u00f3rej nast\u0105pi procesja z modlitw\u0105 za zmar\u0142ych. Po procesji b\u0119dzie okazja do po\u015bwi\u0119cenia nowych pomnik\u00f3w. Szczeg\u00f3lnie w tym dniu szczeg\u00f3lnie pami\u0119tajmy o warto\u015bci modlitwy, o Mszy \u015bw. z Komuni\u0105 \u015bw. i o modlitwie wypominkowej.<\/li>\n<\/ul>\n<\/li>\n<li><strong>Sobota<\/strong> &#8211; 2 listopada (sobota) b\u0119dziemy wspominali wszystkich wiernych zmar\u0142ych. W Dzie\u0144 Zaduszny Msze \u015bw.\n<ul>\n<li>\u015aliwice i Rak\u00f3w godz. 17.00;<\/li>\n<li>K\u0105tna 18.00<\/li>\n<li>Brzezia \u0141\u0105ka godz. 8.00 i 18.00.<\/li>\n<li>Odwiedziny duszpasterskie chorych od godz. 9.00. Po Mszy \u015bw. wieczornej, zmiana tajemnic r\u00f3\u017ca\u0144cowych i ca\u0142onocna adoracja Naj\u015bwi\u0119tszego Sakramentu. Zapraszamy, aby wpisywa\u0107 si\u0119 na list\u0119 na stoliku prasowym.<\/li>\n<\/ul>\n<\/li>\n<\/ul>\n<\/li>\n<li>W najbli\u017csz\u0105 niedziel\u0119:\n<ul>\n<li>Pierwsza miesi\u0105ca \u2013 adoracja Naj\u015bwi\u0119tszego Sakramentu.<\/li>\n<li>o godz. 10.00 Msza \u015bw. dla dzieci z klas III i rodzic\u00f3w, przygotowuj\u0105cych si\u0119 do I Komunii \u015bw. Na Mszy \u015bw. dzieci otrzymaj\u0105 ksi\u0105\u017ceczki do nabo\u017ce\u0144stwa.<\/li>\n<li>W kaplicach filialnych modlitwa wypominkowa w niedziel\u0119.<\/li>\n<\/ul>\n<\/li>\n<li>Przed nami:\n<ul>\n<li>Spotkanie dla m\u0142odzie\u017cy, szczeg\u00f3lnie dla kandydat\u00f3w do bierzmowania w \u015brod\u0119 6 listopada o godz. 19.00 w \u015bwietlicy wiejskiej w Brzeziej \u0141\u0105ce.<\/li>\n<\/ul>\n<\/li>\n<li>Nabo\u017ce\u0144stwa wypominkowe w ko\u015bciele parafialnym rozpoczynaj\u0105 si\u0119 o godz. 18.00; po\u0142\u0105czone s\u0105 z Koronk\u0105 do Bo\u017cego Mi\u0142osierdzia, a nast\u0119pnie jest Msza \u015bwi\u0119ta. Szczeg\u00f3\u0142owy program jest na stronie internetowej i w gablocie.<\/li>\n<li>Przy wyj\u015bciu z ko\u015bcio\u0142a mo\u017cna pobra\u0107 kartki wypominkowe. Prosimy o wpisywanie nazwisk drukowanymi literami, a tak\u017ce wpisa\u0107 miejscowo\u015b\u0107 i ulic\u0119 ofiarodawcy. Wypominki wrzucamy w kopertach na tac\u0119.<\/li>\n<li>Boczny O\u0142tarz NMP R\u00f3\u017ca\u0144cowej zosta\u0142 przewieziony do pracowni konserwatora dzie\u0142 sztuki Marcina Furykiewicza z Wroc\u0142awia, zgodnie z pozwoleniem konserwatorskim Wojew\u00f3dzkiego Urz\u0119du Ochrony Zabytk\u00f3w we Wroc\u0142awiu. Kosztorys wynosi 200 000 z\u0142. Finansowanie prac na chwil\u0119 obecn\u0105: 51 000 z\u0142 tegoroczna dotacja z Urz\u0119du Gminy D\u0142ugo\u0142\u0119ka, taca z drugiej niedzieli miesi\u0105ca.<\/li>\n<li>Kancelaria parafialna czynna, w \u015brod\u0119, czwartek w godz. 18.30 do 19.00.<\/li>\n<li>Wszystkim Parafianom i Go\u015bciom \u017cyczymy b\u0142ogos\u0142awie\u0144stwa Bo\u017cego na niedziel\u0119 i ca\u0142y nadchodz\u0105cy tydzie\u0144. Serdeczne \u017cyczenia sk\u0142adamy wszystkim obchodz\u0105cym osobiste czy rodzinne uroczysto\u015bci.<\/li>\n<\/ol>\n<p align=\"justify\"><strong>PO\u017bEGNIANIE<\/strong> Bo\u017cemu Mi\u0142osierdziu polecamy zmar\u0142ego: \u015bp. Rados\u0142awa Pola\u0144skiego l. 45. Wieczny odpoczynek racz im da\u0107 Panie, a \u015bwiat\u0142o\u015b\u0107 wiekuista niechaj im \u015bwieci.<\/p>\n","protected":false},"excerpt":{"rendered":"<p>Jezus mu rzek\u0142: \u00abId\u017a, twoja wiara ci\u0119 uzdrowi\u0142a\u00bb<\/p>\n","protected":false},"author":6,"featured_media":0,"comment_status":"closed","ping_status":"closed","sticky":false,"template":"","format":"standard","meta":[],"categories":[4],"tags":[],"_links":{"self":[{"href":"http:\/\/www.brzezialaka.archidiecezja.wroc.pl\/parafia\/index.php?rest_route=\/wp\/v2\/posts\/2871"}],"collection":[{"href":"http:\/\/www.brzezialaka.archidiecezja.wroc.pl\/parafia\/index.php?rest_route=\/wp\/v2\/posts"}],"about":[{"href":"http:\/\/www.brzezialaka.archidiecezja.wroc.pl\/parafia\/index.php?rest_route=\/wp\/v2\/types\/post"}],"author":[{"embeddable":true,"href":"http:\/\/www.brzezialaka.archidiecezja.wroc.pl\/parafia\/index.php?rest_route=\/wp\/v2\/users\/6"}],"replies":[{"embeddable":true,"href":"http:\/\/www.brzezialaka.archidiecezja.wroc.pl\/parafia\/index.php?rest_route=%2Fwp%2Fv2%2Fcomments&post=2871"}],"version-history":[{"count":1,"href":"http:\/\/www.brzezialaka.archidiecezja.wroc.pl\/parafia\/index.php?rest_route=\/wp\/v2\/posts\/2871\/revisions"}],"predecessor-version":[{"id":2872,"href":"http:\/\/www.brzezialaka.archidiecezja.wroc.pl\/parafia\/index.php?rest_route=\/wp\/v2\/posts\/2871\/revisions\/2872"}],"wp:attachment":[{"href":"http:\/\/www.brzezialaka.archidiecezja.wroc.pl\/parafia\/index.php?rest_route=%2Fwp%2Fv2%2Fmedia&parent=2871"}],"wp:term":[{"taxonomy":"category","embeddable":true,"href":"http:\/\/www.brzezialaka.archidiecezja.wroc.pl\/parafia\/index.php?rest_route=%2Fwp%2Fv2%2Fcategories&post=2871"},{"taxonomy":"post_tag","embeddable":true,"href":"http:\/\/www.brzezialaka.archidiecezja.wroc.pl\/parafia\/index.php?rest_route=%2Fwp%2Fv2%2Ftags&post=2871"}],"curies":[{"name":"wp","href":"https:\/\/api.w.org\/{rel}","templated":true}]}}