{"id":2804,"date":"2024-07-08T11:36:51","date_gmt":"2024-07-08T09:36:51","guid":{"rendered":"http:\/\/www.brzezialaka.archidiecezja.wroc.pl\/parafia\/?p=2804"},"modified":"2024-07-08T11:36:54","modified_gmt":"2024-07-08T09:36:54","slug":"intencje-mszalne-08-07-14-07-2024r","status":"publish","type":"post","link":"http:\/\/www.brzezialaka.archidiecezja.wroc.pl\/parafia\/?p=2804","title":{"rendered":"Intencje mszalne 08.07 &#8211; 14.07.2024r."},"content":{"rendered":"<p><!--more--><\/p>\n<table width=\"737\" cellspacing=\"0\" cellpadding=\"5\">\n<tbody>\n<tr>\n<td colspan=\"2\" valign=\"top\" width=\"725\" height=\"8\">\n<p class=\"western\" align=\"center\"><span style=\"font-family: Times New Roman, serif; color: #333333;\"><span style=\"font-size: large;\"><u><b>Poniedzia\u0142ek 08.07.2024 r. <\/b><\/u><\/span><\/span><\/p>\n<\/td>\n<\/tr>\n<tr valign=\"top\">\n<td width=\"89\" height=\"12\">\n<p class=\"western\" align=\"center\"><span style=\"font-family: Times New Roman, serif; color: #333333;\"><span style=\"font-size: large;\"><b>18.00<\/b><\/span><\/span><\/p>\n<p class=\"western\" align=\"center\"><span style=\"font-family: Times New Roman, serif; color: #333333;\"><span style=\"font-size: large;\"><b>Brzezia<\/b><\/span><\/span><\/p>\n<\/td>\n<td width=\"626\">\n<p class=\"western\"><span style=\"font-family: Times New Roman, serif; color: #333333;\"><span style=\"font-size: large;\">+Katarzyna BULICZ 32 r. \u015bm., Sebastian, Bronis\u0142aw, ++KUKIE\u0141K\u00d3W <br \/>i BULICZ\u00d3W<\/span><\/span><\/p>\n<\/td>\n<\/tr>\n<tr>\n<td colspan=\"2\" valign=\"top\" width=\"725\" height=\"19\">\n<p class=\"western\" align=\"center\"><span style=\"font-family: Times New Roman, serif; color: #333333;\"><span style=\"font-size: large;\"><u><b>Wtorek 09.07.2024 r.<\/b><\/u><\/span><\/span><\/p>\n<\/td>\n<\/tr>\n<tr valign=\"top\">\n<td width=\"89\">\n<p class=\"western\" align=\"center\"><span style=\"font-family: Times New Roman, serif; color: #333333;\"><span style=\"font-size: large;\"><b>18.00<\/b><\/span><\/span><\/p>\n<p class=\"western\" align=\"center\"><span style=\"font-family: Times New Roman, serif; color: #333333;\"><span style=\"font-size: large;\"><b>Brzezia<\/b><\/span><\/span><\/p>\n<\/td>\n<td width=\"626\">\n<p class=\"western\"><span style=\"color: #333333;\"><span style=\"font-family: Times New Roman, serif;\"><span style=\"font-size: large;\">+El\u017cbieta \u0141UKASIK <\/span><\/span><span style=\"font-family: Times New Roman, serif;\"><span style=\"font-size: large;\"><i>\u2013 od rodziny KIERUZEL i WOJCIECHOWSKICH<\/i><\/span><\/span><\/span><\/p>\n<\/td>\n<\/tr>\n<tr>\n<td colspan=\"2\" valign=\"top\" width=\"725\" height=\"19\">\n<p class=\"western\" align=\"center\"><span style=\"color: #333333;\"><span style=\"font-family: Times New Roman, serif;\"><span style=\"font-size: large;\"><u><b>\u015aroda 10.07.2024 r. <\/b><\/u><\/span><\/span><\/span><\/p>\n<\/td>\n<\/tr>\n<tr valign=\"top\">\n<td width=\"89\">\n<p class=\"western\" align=\"center\"><span style=\"font-family: Times New Roman, serif; color: #333333;\"><span style=\"font-size: large;\"><b>17.00<\/b><\/span><\/span><\/p>\n<p class=\"western\" align=\"center\"><span style=\"font-family: Times New Roman, serif; color: #333333;\"><span style=\"font-size: large;\"><b>Rak\u00f3w<\/b><\/span><\/span><\/p>\n<\/td>\n<td width=\"626\">\n<p class=\"western\"><span style=\"font-family: Times New Roman, serif; color: #333333;\"><span style=\"font-size: large;\">+J\u00f3zefa KINIORSKA, Jan<\/span><\/span><\/p>\n<\/td>\n<\/tr>\n<tr valign=\"top\">\n<td width=\"89\">\n<p class=\"western\" align=\"center\"><span style=\"font-family: Times New Roman, serif; color: #333333;\"><span style=\"font-size: large;\"><b>18.00<\/b><\/span><\/span><\/p>\n<p class=\"western\" align=\"center\"><span style=\"font-family: Times New Roman, serif; color: #333333;\"><span style=\"font-size: large;\"><b>Brzezia<\/b><\/span><\/span><\/p>\n<\/td>\n<td width=\"626\">\n<p class=\"western\"><span style=\"font-family: Times New Roman, serif; color: #333333;\"><span style=\"font-size: large;\">O Bo\u017ce b\u0142ogos\u0142awie\u0144stwo dla Weroniki WOJCIESZAK z okazji urodzin<\/span><\/span><\/p>\n<\/td>\n<\/tr>\n<tr>\n<td colspan=\"2\" valign=\"top\" width=\"725\" height=\"12\">\n<p class=\"western\" align=\"center\"><span style=\"color: #333333;\"><span style=\"font-family: Times New Roman, serif;\"><span style=\"font-size: large;\"><u><b>Czwartek 11.07<\/b><\/u><\/span><\/span><span style=\"font-family: Times New Roman, serif;\"><span style=\"font-size: large;\"><u><b>.2024 r.<\/b><\/u><\/span><\/span><\/span><\/p>\n<\/td>\n<\/tr>\n<tr valign=\"top\">\n<td width=\"89\" height=\"17\">\n<p class=\"western\" align=\"center\"><span style=\"font-family: Times New Roman, serif; color: #333333;\"><span style=\"font-size: large;\"><b>17.00<\/b><\/span><\/span><\/p>\n<p class=\"western\" align=\"center\"><span style=\"font-family: Times New Roman, serif; color: #333333;\"><span style=\"font-size: large;\"><b>\u015aliwice<\/b><\/span><\/span><\/p>\n<\/td>\n<td width=\"626\">\n<p class=\"western\"><span style=\"color: #333333;\"><span style=\"font-family: Times New Roman, serif;\"><span style=\"font-size: large;\">+ Janina WESO\u0141OWSKA <\/span><\/span><span style=\"font-family: Times New Roman, serif;\"><span style=\"font-size: large;\"><i>\u2013 od R\u00f3\u017cy R\u00f3\u017ca\u0144cowej<\/i><\/span><\/span><\/span><\/p>\n<\/td>\n<\/tr>\n<tr valign=\"top\">\n<td width=\"89\" height=\"17\">\n<p class=\"western\" align=\"center\"><span style=\"font-family: Times New Roman, serif; color: #333333;\"><span style=\"font-size: large;\"><b>18.00<\/b><\/span><\/span><\/p>\n<p class=\"western\" align=\"center\"><span style=\"font-family: Times New Roman, serif; color: #333333;\"><span style=\"font-size: large;\"><b>Brzezia<\/b><\/span><\/span><\/p>\n<\/td>\n<td width=\"626\">\n<p class=\"western\"><span style=\"font-family: Times New Roman, serif; color: #333333;\"><span style=\"font-size: large;\">+DANIELSKICH<\/span><\/span><\/p>\n<\/td>\n<\/tr>\n<tr>\n<td colspan=\"2\" valign=\"top\" width=\"725\" height=\"14\">\n<p class=\"western\" align=\"center\"><span style=\"font-family: Times New Roman, serif; color: #333333;\"><span style=\"font-size: large;\"><u><b>Pi\u0105tek 12.07.2024 r.<\/b><\/u><\/span><\/span><\/p>\n<\/td>\n<\/tr>\n<tr valign=\"top\">\n<td width=\"89\" height=\"26\">\n<p class=\"western\" align=\"center\"><span style=\"font-family: Times New Roman, serif; color: #333333;\"><span style=\"font-size: large;\"><b>18.00<\/b><\/span><\/span><\/p>\n<p class=\"western\" align=\"center\"><span style=\"font-family: Times New Roman, serif; color: #333333;\"><span style=\"font-size: large;\"><b>Brzezia<\/b><\/span><\/span><\/p>\n<\/td>\n<td width=\"626\">\n<p class=\"western\"><span style=\"color: #333333;\"><span style=\"font-family: Times New Roman, serif;\"><span style=\"font-size: large;\">+Andrzej JAWROSKI <\/span><\/span><span style=\"font-family: Times New Roman, serif;\"><span style=\"font-size: large;\"><i>\u2013 od uczestnik\u00f3w pogrzebu<\/i><\/span><\/span><\/span><\/p>\n<\/td>\n<\/tr>\n<tr>\n<td colspan=\"2\" valign=\"top\" width=\"725\" height=\"14\">\n<p class=\"western\" align=\"center\"><span style=\"font-family: Times New Roman, serif; color: #333333;\"><span style=\"font-size: large;\"><u><b>Sobota 13.07.2024 r.<\/b><\/u><\/span><\/span><\/p>\n<\/td>\n<\/tr>\n<tr valign=\"top\">\n<td width=\"89\" height=\"19\">\n<p class=\"western\" align=\"center\"><span style=\"font-family: Times New Roman, serif; color: #333333;\"><span style=\"font-size: large;\"><b>17.00<\/b><\/span><\/span><\/p>\n<p class=\"western\" align=\"center\"><span style=\"font-family: Times New Roman, serif; color: #333333;\"><span style=\"font-size: large;\"><b>\u015aliwice<\/b><\/span><\/span><\/p>\n<\/td>\n<td width=\"626\">\n<p class=\"western\"><span style=\"color: #333333;\"><span style=\"font-family: Times New Roman, serif;\"><span style=\"font-size: large;\">Dzi\u0119kczynna w 93 r. ur. Anieli WOJCIECHOWSKIEJ z pro\u015bb\u0105 o Bo\u017ce b\u0142ogos\u0142awie\u0144stwo <\/span><\/span><span style=\"font-family: Times New Roman, serif;\"><span style=\"font-size: large;\"><i>\u2013 od dzieci<\/i><\/span><\/span><\/span><\/p>\n<\/td>\n<\/tr>\n<tr valign=\"top\">\n<td width=\"89\" height=\"19\">\n<p class=\"western\" align=\"center\"><span style=\"font-family: Times New Roman, serif; color: #333333;\"><span style=\"font-size: large;\"><b>18.00<\/b><\/span><\/span><\/p>\n<p class=\"western\" align=\"center\"><span style=\"font-family: Times New Roman, serif; color: #333333;\"><span style=\"font-size: large;\"><b>Brzezia<\/b><\/span><\/span><\/p>\n<\/td>\n<td width=\"626\">\n<p class=\"western\"><span style=\"font-family: Times New Roman, serif; color: #333333;\"><span style=\"font-size: large;\">Za dusze w czy\u015b\u0107cu cierpi\u0105ce<\/span><\/span><\/p>\n<\/td>\n<\/tr>\n<tr>\n<td colspan=\"2\" valign=\"top\" width=\"725\" height=\"17\">\n<p class=\"western\" align=\"center\"><span style=\"color: #333333;\"><span style=\"font-family: Times New Roman, serif;\"><span style=\"font-size: large;\"><u><b>Niedziela 14.07<\/b><\/u><\/span><\/span><span style=\"font-family: Times New Roman, serif;\"><span style=\"font-size: large;\"><u><b>.2024 r.<\/b><\/u><\/span><\/span><\/span><\/p>\n<\/td>\n<\/tr>\n<tr valign=\"top\">\n<td width=\"89\" height=\"22\">\n<p class=\"western\" align=\"center\"><span style=\"font-family: Times New Roman, serif; color: #333333;\"><span style=\"font-size: large;\"><b>7.30<\/b><\/span><\/span><\/p>\n<p class=\"western\" align=\"center\"><span style=\"font-family: Times New Roman, serif; color: #333333;\"><span style=\"font-size: large;\"><b>Brzezia<\/b><\/span><\/span><\/p>\n<\/td>\n<td width=\"626\">\n<p class=\"western\"><span style=\"color: #333333;\"><span style=\"font-family: Times New Roman, serif;\"><span style=\"font-size: large;\">+Henryk WA\u015aKO 2 r. \u015bm. <\/span><\/span><span style=\"font-family: Times New Roman, serif;\"><span style=\"font-size: large;\"><i>\u2013 od \u017cony z rodzin\u0105<\/i><\/span><\/span><\/span><\/p>\n<\/td>\n<\/tr>\n<tr valign=\"top\">\n<td width=\"89\" height=\"16\">\n<p class=\"western\" align=\"center\"><span style=\"font-family: Times New Roman, serif; color: #333333;\"><span style=\"font-size: large;\"><b>9.00<\/b><\/span><\/span><\/p>\n<p class=\"western\" align=\"center\"><span style=\"font-family: Times New Roman, serif; color: #333333;\"><span style=\"font-size: large;\"><b>Brzezia<\/b><\/span><\/span><\/p>\n<\/td>\n<td width=\"626\">\n<p class=\"western\"><span style=\"font-family: Times New Roman, serif; color: #333333;\"><span style=\"font-size: large;\">+Sylwia KACZMARCZYK 2 r. \u015bm.<\/span><\/span><\/p>\n<\/td>\n<\/tr>\n<tr valign=\"top\">\n<td width=\"89\" height=\"16\">\n<p class=\"western\" align=\"center\"><span style=\"font-family: Times New Roman, serif; color: #333333;\"><span style=\"font-size: large;\"><b>10.30<\/b><\/span><\/span><\/p>\n<p class=\"western\" align=\"center\"><span style=\"font-family: Times New Roman, serif; color: #333333;\"><span style=\"font-size: large;\"><b>Rak\u00f3w<\/b><\/span><\/span><\/p>\n<\/td>\n<td width=\"626\">\n<p class=\"western\"><span style=\"font-family: Times New Roman, serif; color: #333333;\"><span style=\"font-size: large;\">+J\u00f3zefa, Micha\u0142 MAJOR<\/span><\/span><\/p>\n<\/td>\n<\/tr>\n<tr valign=\"top\">\n<td width=\"89\" height=\"16\">\n<p class=\"western\" align=\"center\"><span style=\"font-family: Times New Roman, serif; color: #333333;\"><span style=\"font-size: large;\"><b>12.00<\/b><\/span><\/span><\/p>\n<p class=\"western\" align=\"center\"><span style=\"font-family: Times New Roman, serif; color: #333333;\"><span style=\"font-size: large;\"><b>Brzezia<\/b><\/span><\/span><\/p>\n<\/td>\n<td width=\"626\">\n<p class=\"western\"><span style=\"font-family: Times New Roman, serif; color: #333333;\"><span style=\"font-size: large;\">+Bo\u017cena Bogacz 3 r. \u015bm., ++ z rodziny<\/span><\/span><\/p>\n<\/td>\n<\/tr>\n<tr valign=\"top\">\n<td width=\"89\" height=\"20\">\n<p class=\"western\" align=\"center\"><span style=\"font-family: Times New Roman, serif; color: #333333;\"><span style=\"font-size: large;\"><b>18.00<\/b><\/span><\/span><\/p>\n<p class=\"western\" align=\"center\"><span style=\"font-family: Times New Roman, serif; color: #333333;\"><span style=\"font-size: large;\"><b>Brzezia<\/b><\/span><\/span><\/p>\n<\/td>\n<td width=\"626\">\n<p class=\"western\"><span style=\"color: #333333;\"><span style=\"font-family: Times New Roman, serif;\"><span style=\"font-size: large;\">+Stanis\u0142awa LIPKA <\/span><\/span><span style=\"font-family: Times New Roman, serif;\"><span style=\"font-size: large;\"><i>\u2013 od c\u00f3rki Katarzyny i Wojtka, wnuk\u00f3w: Micha\u0142a i Rafa\u0142a<\/i><\/span><\/span><\/span><\/p>\n<\/td>\n<\/tr>\n<\/tbody>\n<\/table>\n","protected":false},"excerpt":{"rendered":"","protected":false},"author":6,"featured_media":0,"comment_status":"closed","ping_status":"closed","sticky":false,"template":"","format":"standard","meta":[],"categories":[6],"tags":[],"_links":{"self":[{"href":"http:\/\/www.brzezialaka.archidiecezja.wroc.pl\/parafia\/index.php?rest_route=\/wp\/v2\/posts\/2804"}],"collection":[{"href":"http:\/\/www.brzezialaka.archidiecezja.wroc.pl\/parafia\/index.php?rest_route=\/wp\/v2\/posts"}],"about":[{"href":"http:\/\/www.brzezialaka.archidiecezja.wroc.pl\/parafia\/index.php?rest_route=\/wp\/v2\/types\/post"}],"author":[{"embeddable":true,"href":"http:\/\/www.brzezialaka.archidiecezja.wroc.pl\/parafia\/index.php?rest_route=\/wp\/v2\/users\/6"}],"replies":[{"embeddable":true,"href":"http:\/\/www.brzezialaka.archidiecezja.wroc.pl\/parafia\/index.php?rest_route=%2Fwp%2Fv2%2Fcomments&post=2804"}],"version-history":[{"count":1,"href":"http:\/\/www.brzezialaka.archidiecezja.wroc.pl\/parafia\/index.php?rest_route=\/wp\/v2\/posts\/2804\/revisions"}],"predecessor-version":[{"id":2805,"href":"http:\/\/www.brzezialaka.archidiecezja.wroc.pl\/parafia\/index.php?rest_route=\/wp\/v2\/posts\/2804\/revisions\/2805"}],"wp:attachment":[{"href":"http:\/\/www.brzezialaka.archidiecezja.wroc.pl\/parafia\/index.php?rest_route=%2Fwp%2Fv2%2Fmedia&parent=2804"}],"wp:term":[{"taxonomy":"category","embeddable":true,"href":"http:\/\/www.brzezialaka.archidiecezja.wroc.pl\/parafia\/index.php?rest_route=%2Fwp%2Fv2%2Fcategories&post=2804"},{"taxonomy":"post_tag","embeddable":true,"href":"http:\/\/www.brzezialaka.archidiecezja.wroc.pl\/parafia\/index.php?rest_route=%2Fwp%2Fv2%2Ftags&post=2804"}],"curies":[{"name":"wp","href":"https:\/\/api.w.org\/{rel}","templated":true}]}}