{"id":2792,"date":"2024-06-24T09:29:45","date_gmt":"2024-06-24T07:29:45","guid":{"rendered":"http:\/\/www.brzezialaka.archidiecezja.wroc.pl\/parafia\/?p=2792"},"modified":"2024-06-24T09:29:49","modified_gmt":"2024-06-24T07:29:49","slug":"intencje-mszalne-24-06-30-06-2024","status":"publish","type":"post","link":"http:\/\/www.brzezialaka.archidiecezja.wroc.pl\/parafia\/?p=2792","title":{"rendered":"Intencje mszalne 24.06 &#8211; 30.06.2024"},"content":{"rendered":"<p><span style=\"color: #333333;\"><!--more--><\/span><\/p>\n<table width=\"737\" cellspacing=\"0\" cellpadding=\"5\">\n<tbody>\n<tr>\n<td colspan=\"2\" valign=\"top\" width=\"725\" height=\"8\">\n<p class=\"western\" align=\"center\"><span style=\"font-family: Times New Roman, serif; color: #333333;\"><span style=\"font-size: large;\"><u><b>Poniedzia\u0142ek 24.06.2024 r. <\/b><\/u><\/span><\/span><\/p>\n<\/td>\n<\/tr>\n<tr valign=\"top\">\n<td width=\"89\" height=\"12\">\n<p class=\"western\" align=\"center\"><span style=\"font-family: Times New Roman, serif; color: #333333;\"><span style=\"font-size: large;\"><b>18.00<\/b><\/span><\/span><\/p>\n<p class=\"western\" align=\"center\"><span style=\"font-family: Times New Roman, serif; color: #333333;\"><span style=\"font-size: large;\"><b>Brzezia<\/b><\/span><\/span><\/p>\n<\/td>\n<td width=\"626\">\n<p class=\"western\"><span style=\"font-family: Times New Roman, serif; color: #333333;\"><span style=\"font-size: large;\">+Jan, J\u00f3zefa, J\u00f3zef MACHOCCY, W\u0142adys\u0142aw, Barbara, Jerzy, Tomasz, Zygmunt KACZMARCZYK<\/span><\/span><\/p>\n<\/td>\n<\/tr>\n<tr>\n<td colspan=\"2\" valign=\"top\" width=\"725\" height=\"19\">\n<p class=\"western\" align=\"center\"><span style=\"font-family: Times New Roman, serif; color: #333333;\"><span style=\"font-size: large;\"><u><b>Wtorek 25.06.2024 r.<\/b><\/u><\/span><\/span><\/p>\n<\/td>\n<\/tr>\n<tr valign=\"top\">\n<td width=\"89\">\n<p class=\"western\" align=\"center\"><span style=\"font-family: Times New Roman, serif; color: #333333;\"><span style=\"font-size: large;\"><b>18.00<\/b><\/span><\/span><\/p>\n<p class=\"western\" align=\"center\"><span style=\"font-family: Times New Roman, serif; color: #333333;\"><span style=\"font-size: large;\"><b>Brzezia<\/b><\/span><\/span><\/p>\n<\/td>\n<td width=\"626\">\n<p class=\"western\"><span style=\"color: #333333;\"><span style=\"font-family: Times New Roman, serif;\"><span style=\"font-size: large;\">+ks. Jan KAPCIA <\/span><\/span><span style=\"font-family: Times New Roman, serif;\"><span style=\"font-size: large;\"><i>\u2013 od R\u00f3\u017cy Niewiast z Brzeziej \u0141\u0105ki<\/i><\/span><\/span><\/span><\/p>\n<\/td>\n<\/tr>\n<tr>\n<td colspan=\"2\" valign=\"top\" width=\"725\" height=\"19\">\n<p class=\"western\" align=\"center\"><span style=\"color: #333333;\"><span style=\"font-family: Times New Roman, serif;\"><span style=\"font-size: large;\"><u><b>\u015aroda 26.06.2024 r. <\/b><\/u><\/span><\/span><\/span><\/p>\n<\/td>\n<\/tr>\n<tr valign=\"top\">\n<td width=\"89\">\n<p class=\"western\" align=\"center\"><span style=\"font-family: Times New Roman, serif; color: #333333;\"><span style=\"font-size: large;\"><b>17.00<\/b><\/span><\/span><\/p>\n<p class=\"western\" align=\"center\"><span style=\"font-family: Times New Roman, serif; color: #333333;\"><span style=\"font-size: large;\"><b>Rak\u00f3w<\/b><\/span><\/span><\/p>\n<\/td>\n<td width=\"626\">\n<p class=\"western\"><span style=\"font-family: Times New Roman, serif; color: #333333;\"><span style=\"font-size: large;\">Dzi\u0119kczynna w 27 r. \u015blubu Ewy i Mariusza z pro\u015bb\u0105 o zdrowie, b\u0142. Bo\u017ce, opiek\u0119 Matki Bo\u017cej dla Jubilat\u00f3w i ich c\u00f3rek: R\u00f3\u017cy i Weroniki<\/span><\/span><\/p>\n<\/td>\n<\/tr>\n<tr valign=\"top\">\n<td width=\"89\">\n<p class=\"western\" align=\"center\"><span style=\"font-family: Times New Roman, serif; color: #333333;\"><span style=\"font-size: large;\"><b>18.00<\/b><\/span><\/span><\/p>\n<p class=\"western\" align=\"center\"><span style=\"font-family: Times New Roman, serif; color: #333333;\"><span style=\"font-size: large;\"><b>Brzezia<\/b><\/span><\/span><\/p>\n<\/td>\n<td width=\"626\">\n<p class=\"western\"><span style=\"font-family: Times New Roman, serif; color: #333333;\"><span style=\"font-size: large;\">Intencja wynagradzaj\u0105ca za grzechy w rodzinie przez wstawiennictwo Matki Bo\u017cej Nieustaj\u0105cej Pomocy<\/span><\/span><\/p>\n<\/td>\n<\/tr>\n<tr>\n<td colspan=\"2\" valign=\"top\" width=\"725\" height=\"12\">\n<p class=\"western\" align=\"center\"><span style=\"color: #333333;\"><span style=\"font-family: Times New Roman, serif;\"><span style=\"font-size: large;\"><u><b>Czwartek 27.06<\/b><\/u><\/span><\/span><span style=\"font-family: Times New Roman, serif;\"><span style=\"font-size: large;\"><u><b>.2024 r.<\/b><\/u><\/span><\/span><\/span><\/p>\n<\/td>\n<\/tr>\n<tr valign=\"top\">\n<td width=\"89\" height=\"17\">\n<p class=\"western\" align=\"center\"><span style=\"font-family: Times New Roman, serif; color: #333333;\"><span style=\"font-size: large;\"><b>17.00<\/b><\/span><\/span><\/p>\n<p class=\"western\" align=\"center\"><span style=\"font-family: Times New Roman, serif; color: #333333;\"><span style=\"font-size: large;\"><b>\u015aliwice<\/b><\/span><\/span><\/p>\n<\/td>\n<td width=\"626\">\n<p class=\"western\"><span style=\"color: #333333;\"><span style=\"font-family: Times New Roman, serif;\"><span style=\"font-size: large;\">+ Micha\u0142 DUDA <\/span><\/span><span style=\"font-family: Times New Roman, serif;\"><span style=\"font-size: large;\"><i>\u2013 od firmy pogrzebowej JAKUBOWSKI<\/i><\/span><\/span><\/span><\/p>\n<\/td>\n<\/tr>\n<tr valign=\"top\">\n<td width=\"89\" height=\"17\">\n<p class=\"western\" align=\"center\"><span style=\"font-family: Times New Roman, serif; color: #333333;\"><span style=\"font-size: large;\"><b>18.00<\/b><\/span><\/span><\/p>\n<p class=\"western\" align=\"center\"><span style=\"font-family: Times New Roman, serif; color: #333333;\"><span style=\"font-size: large;\"><b>Brzezia<\/b><\/span><\/span><\/p>\n<\/td>\n<td width=\"626\">\n<p class=\"western\"><span style=\"font-family: Times New Roman, serif; color: #333333;\"><span style=\"font-size: large;\">+W\u0142adys\u0142aw, Stefania, W\u0142adys\u0142aw, Stefania, Kazimierz, Marian, Tadeusz SIKORA<\/span><\/span><\/p>\n<\/td>\n<\/tr>\n<tr>\n<td colspan=\"2\" valign=\"top\" width=\"725\" height=\"14\">\n<p class=\"western\" align=\"center\"><span style=\"font-family: Times New Roman, serif; color: #333333;\"><span style=\"font-size: large;\"><u><b>Pi\u0105tek 28.06.2024 r.<\/b><\/u><\/span><\/span><\/p>\n<\/td>\n<\/tr>\n<tr valign=\"top\">\n<td width=\"89\" height=\"26\">\n<p class=\"western\" align=\"center\"><span style=\"font-family: Times New Roman, serif; color: #333333;\"><span style=\"font-size: large;\"><b>18.00<\/b><\/span><\/span><\/p>\n<p class=\"western\" align=\"center\"><span style=\"font-family: Times New Roman, serif; color: #333333;\"><span style=\"font-size: large;\"><b>Brzezia<\/b><\/span><\/span><\/p>\n<\/td>\n<td width=\"626\">\n<p class=\"western\"><span style=\"color: #333333;\"><span style=\"font-family: Times New Roman, serif;\"><span style=\"font-size: large;\">+Adam ZAPORA <\/span><\/span><span style=\"font-family: Times New Roman, serif;\"><span style=\"font-size: large;\"><i>\u2013 od firmy pogrzebowej JAKUBOWSKI<\/i><\/span><\/span><\/span><\/p>\n<\/td>\n<\/tr>\n<tr>\n<td colspan=\"2\" valign=\"top\" width=\"725\" height=\"14\">\n<p class=\"western\" align=\"center\"><span style=\"font-family: Times New Roman, serif; color: #333333;\"><span style=\"font-size: large;\"><u><b>Sobota 29.06.2024 r.<\/b><\/u><\/span><\/span><\/p>\n<\/td>\n<\/tr>\n<tr valign=\"top\">\n<td width=\"89\" height=\"19\">\n<p class=\"western\" align=\"center\"><span style=\"font-family: Times New Roman, serif; color: #333333;\"><span style=\"font-size: large;\"><b>17.00<\/b><\/span><\/span><\/p>\n<p class=\"western\" align=\"center\"><span style=\"font-family: Times New Roman, serif; color: #333333;\"><span style=\"font-size: large;\"><b>\u015aliwice<\/b><\/span><\/span><\/p>\n<\/td>\n<td width=\"626\">\n<p class=\"western\"><span style=\"font-family: Times New Roman, serif; color: #333333;\"><span style=\"font-size: large;\">+Mieczys\u0142aw 33 r. \u015bm, Janina, ++BORYCKICH, BRYLL, FEDOROWICZ, WOJTY\u0141O<\/span><\/span><\/p>\n<\/td>\n<\/tr>\n<tr valign=\"top\">\n<td width=\"89\" height=\"19\">\n<p class=\"western\" align=\"center\"><span style=\"font-family: Times New Roman, serif; color: #333333;\"><span style=\"font-size: large;\"><b>18.00<\/b><\/span><\/span><\/p>\n<p class=\"western\" align=\"center\"><span style=\"font-family: Times New Roman, serif; color: #333333;\"><span style=\"font-size: large;\"><b>Brzezia<\/b><\/span><\/span><\/p>\n<\/td>\n<td width=\"626\">\n<p class=\"western\"><span style=\"font-family: Times New Roman, serif; color: #333333;\"><span style=\"font-size: large;\">+Janina PLUTA<\/span><\/span><\/p>\n<\/td>\n<\/tr>\n<tr>\n<td colspan=\"2\" valign=\"top\" width=\"725\" height=\"17\">\n<p class=\"western\" align=\"center\"><span style=\"color: #333333;\"><span style=\"font-family: Times New Roman, serif;\"><span style=\"font-size: large;\"><u><b>Niedziela 30.06<\/b><\/u><\/span><\/span><span style=\"font-family: Times New Roman, serif;\"><span style=\"font-size: large;\"><u><b>.2024 r.<\/b><\/u><\/span><\/span><\/span><\/p>\n<\/td>\n<\/tr>\n<tr valign=\"top\">\n<td width=\"89\" height=\"22\">\n<p class=\"western\" align=\"center\"><span style=\"font-family: Times New Roman, serif; color: #333333;\"><span style=\"font-size: large;\"><b>7.30<\/b><\/span><\/span><\/p>\n<p class=\"western\" align=\"center\"><span style=\"font-family: Times New Roman, serif; color: #333333;\"><span style=\"font-size: large;\"><b>Brzezia<\/b><\/span><\/span><\/p>\n<\/td>\n<td width=\"626\">\n<p class=\"western\"><span style=\"font-family: Times New Roman, serif; color: #333333;\"><span style=\"font-size: large;\">+Piotr JANIC <\/span><\/span><\/p>\n<\/td>\n<\/tr>\n<tr valign=\"top\">\n<td width=\"89\" height=\"16\">\n<p class=\"western\" align=\"center\"><span style=\"font-family: Times New Roman, serif; color: #333333;\"><span style=\"font-size: large;\"><b>9.00<\/b><\/span><\/span><\/p>\n<p class=\"western\" align=\"center\"><span style=\"font-family: Times New Roman, serif; color: #333333;\"><span style=\"font-size: large;\"><b>Brzezia<\/b><\/span><\/span><\/p>\n<\/td>\n<td width=\"626\">\n<p class=\"western\"><span style=\"font-family: Times New Roman, serif; color: #333333;\"><span style=\"font-size: large;\">+Jan, Waleria W\u00d3JCIK, ++W\u00d3JCIK, MA\u0141ASI\u0143SCY<\/span><\/span><\/p>\n<\/td>\n<\/tr>\n<tr valign=\"top\">\n<td width=\"89\" height=\"16\">\n<p class=\"western\" align=\"center\"><span style=\"font-family: Times New Roman, serif; color: #333333;\"><span style=\"font-size: large;\"><b>10.30<\/b><\/span><\/span><\/p>\n<p class=\"western\" align=\"center\"><span style=\"font-family: Times New Roman, serif; color: #333333;\"><span style=\"font-size: large;\"><b>Rak\u00f3w<\/b><\/span><\/span><\/p>\n<\/td>\n<td width=\"626\">\n<p class=\"western\"><span style=\"color: #333333;\"><span style=\"font-family: Times New Roman, serif;\"><span style=\"font-size: large;\">+Jan KRYNICKI <\/span><\/span><span style=\"font-family: Times New Roman, serif;\"><span style=\"font-size: large;\"><i>\u2013 od siostry z m\u0119\u017cem<\/i><\/span><\/span><\/span><\/p>\n<\/td>\n<\/tr>\n<tr valign=\"top\">\n<td width=\"89\" height=\"16\">\n<p class=\"western\" align=\"center\"><span style=\"font-family: Times New Roman, serif; color: #333333;\"><span style=\"font-size: large;\"><b>12.00<\/b><\/span><\/span><\/p>\n<p class=\"western\" align=\"center\"><span style=\"font-family: Times New Roman, serif; color: #333333;\"><span style=\"font-size: large;\"><b>Brzezia<\/b><\/span><\/span><\/p>\n<\/td>\n<td width=\"626\">\n<p class=\"western\"><span style=\"font-family: Times New Roman, serif; color: #333333;\"><span style=\"font-size: large;\">+Andrzej SZCZEPA\u0143SKI, +Rodzic\u00f3w: Teresa, Witold<\/span><\/span><\/p>\n<\/td>\n<\/tr>\n<tr valign=\"top\">\n<td width=\"89\" height=\"20\">\n<p class=\"western\" align=\"center\"><span style=\"font-family: Times New Roman, serif; color: #333333;\"><span style=\"font-size: large;\"><b>18.00<\/b><\/span><\/span><\/p>\n<p class=\"western\" align=\"center\"><span style=\"font-family: Times New Roman, serif; color: #333333;\"><span style=\"font-size: large;\"><b>Brzezia<\/b><\/span><\/span><\/p>\n<\/td>\n<td width=\"626\">\n<p class=\"western\"><span style=\"font-family: Times New Roman, serif; color: #333333;\"><span style=\"font-size: large;\">Dzi\u0119kczynna w 18 r. urodzin Klaudiusza PIZO\u0143 z pro\u015bb\u0105 o zdrowie, b\u0142ogos\u0142awie\u0144stwo Bo\u017ce, opiek\u0119 Matki Bo\u017cej<\/span><\/span><\/p>\n<\/td>\n<\/tr>\n<\/tbody>\n<\/table>\n<p class=\"western\">\n","protected":false},"excerpt":{"rendered":"","protected":false},"author":6,"featured_media":0,"comment_status":"closed","ping_status":"closed","sticky":false,"template":"","format":"standard","meta":[],"categories":[6],"tags":[],"_links":{"self":[{"href":"http:\/\/www.brzezialaka.archidiecezja.wroc.pl\/parafia\/index.php?rest_route=\/wp\/v2\/posts\/2792"}],"collection":[{"href":"http:\/\/www.brzezialaka.archidiecezja.wroc.pl\/parafia\/index.php?rest_route=\/wp\/v2\/posts"}],"about":[{"href":"http:\/\/www.brzezialaka.archidiecezja.wroc.pl\/parafia\/index.php?rest_route=\/wp\/v2\/types\/post"}],"author":[{"embeddable":true,"href":"http:\/\/www.brzezialaka.archidiecezja.wroc.pl\/parafia\/index.php?rest_route=\/wp\/v2\/users\/6"}],"replies":[{"embeddable":true,"href":"http:\/\/www.brzezialaka.archidiecezja.wroc.pl\/parafia\/index.php?rest_route=%2Fwp%2Fv2%2Fcomments&post=2792"}],"version-history":[{"count":1,"href":"http:\/\/www.brzezialaka.archidiecezja.wroc.pl\/parafia\/index.php?rest_route=\/wp\/v2\/posts\/2792\/revisions"}],"predecessor-version":[{"id":2793,"href":"http:\/\/www.brzezialaka.archidiecezja.wroc.pl\/parafia\/index.php?rest_route=\/wp\/v2\/posts\/2792\/revisions\/2793"}],"wp:attachment":[{"href":"http:\/\/www.brzezialaka.archidiecezja.wroc.pl\/parafia\/index.php?rest_route=%2Fwp%2Fv2%2Fmedia&parent=2792"}],"wp:term":[{"taxonomy":"category","embeddable":true,"href":"http:\/\/www.brzezialaka.archidiecezja.wroc.pl\/parafia\/index.php?rest_route=%2Fwp%2Fv2%2Fcategories&post=2792"},{"taxonomy":"post_tag","embeddable":true,"href":"http:\/\/www.brzezialaka.archidiecezja.wroc.pl\/parafia\/index.php?rest_route=%2Fwp%2Fv2%2Ftags&post=2792"}],"curies":[{"name":"wp","href":"https:\/\/api.w.org\/{rel}","templated":true}]}}